{"id":3109,"date":"2022-06-01T12:17:49","date_gmt":"2022-06-01T12:17:49","guid":{"rendered":"https:\/\/fesete.pt\/qualidade-emprego-igualdade\/?p=3109"},"modified":"2022-06-15T11:15:48","modified_gmt":"2022-06-15T11:15:48","slug":"inform","status":"publish","type":"post","link":"https:\/\/fesete.pt\/qualidade-emprego-igualdade\/inform\/","title":{"rendered":"INFORM@"},"content":{"rendered":"<div class=\"fusion-fullwidth fullwidth-box fusion-builder-row-1 fusion-flex-container nonhundred-percent-fullwidth non-hundred-percent-height-scrolling\" style=\"background-color: rgba(255,255,255,0);background-position: center center;background-repeat: no-repeat;border-width: 0px 0px 0px 0px;border-color:#e8ebef;border-style:solid;\" ><div class=\"fusion-builder-row fusion-row fusion-flex-align-items-flex-start\" style=\"max-width:1331.2px;margin-left: calc(-4% \/ 2 );margin-right: calc(-4% \/ 2 );\"><div class=\"fusion-layout-column fusion_builder_column fusion-builder-column-0 fusion_builder_column_2_3 2_3 fusion-flex-column\"><div class=\"fusion-column-wrapper fusion-flex-justify-content-flex-start fusion-content-layout-column\" style=\"background-position:left top;background-repeat:no-repeat;-webkit-background-size:cover;-moz-background-size:cover;-o-background-size:cover;background-size:cover;padding: 0px 0px 0px 0px;\"><div class=\"fusion-text fusion-text-1\" style=\"transform:translate3d(0,0,0);\"><p style=\"text-align: left;\">Documento de divulga\u00e7\u00e3o do Projecto &#8220;Constru\u00e7\u00e3o de um Sistema de Avalia\u00e7\u00e3o de Fun\u00e7\u00f5es e Remunera\u00e7\u00f5es nos CCT&#8217;s das Ind\u00fastrias de Vestu\u00e1rio e Curtumes, com vista \u00e0 melhoria da Qualidade do Emprego e promo\u00e7\u00e3o da igualdade&#8221;, financiado pela Isl\u00e2ndia,Liechtenstein e Noruega, atrav\u00e9s dos EEA Grants, coordenado pela CIG &#8211; Comiss\u00e3o para a Cidadania e a Igualdade de G\u00e9nero, sendo a FESETE a organiza\u00e7\u00e3o promotora do projecto, aprovado no \u00e2mbito do Programa Concilia\u00e7\u00e3o e Igualdade de G\u00e9nero, ao n\u00edvel nacional em parceria com as associa\u00e7\u00f5es patronais: ANIVEC\/APIV &#8211; Associa\u00e7\u00e3o nacional das Ind\u00fastrias de Vestu\u00e1rio e Confec\u00e7\u00e3o e APIC &#8211; Associa\u00e7\u00e3o Portuguesa das Insdustrias de Curtumes, dirigido\u00a0 aos Sindicatos das Ind\u00fastrias T\u00eaxteis, Vestu\u00e1rio, Cal\u00e7ado, Curtumes, Lavandarias, Tinturarias, Chaves, e Outros,\u00a0 aos membros da Direc\u00e7\u00e3o Nacional da FESETE, aos membros das Comiss\u00f5es Negociadoras Sindicais dos CCT&#8217;s &#8211; Contratos Colectivos de Trabalho.<\/p>\n<\/div><\/div><\/div><style type=\"text\/css\">.fusion-body .fusion-builder-column-0{width:66.666666666667% !important;margin-top : 20px;margin-bottom : 20px;}.fusion-builder-column-0 > .fusion-column-wrapper {padding-top : 0px !important;padding-right : 0px !important;margin-right : 2.88%;padding-bottom : 0px !important;padding-left : 0px !important;margin-left : 2.88%;}@media only screen and (max-width:1200px) {.fusion-body .fusion-builder-column-0{width:66.666666666667% !important;order : 0;}.fusion-builder-column-0 > .fusion-column-wrapper {margin-right : 2.88%;margin-left : 2.88%;}}@media only screen and (max-width:640px) {.fusion-body .fusion-builder-column-0{width:100% !important;order : 0;}.fusion-builder-column-0 > .fusion-column-wrapper {margin-right : 1.92%;margin-left : 1.92%;}}<\/style><div class=\"fusion-layout-column fusion_builder_column fusion-builder-column-1 fusion_builder_column_1_3 1_3 fusion-flex-column fusion-column-inner-bg-wrapper\"><div class=\"fusion-column-wrapper fusion-flex-justify-content-flex-start fusion-content-layout-column\" style=\"padding: 0px 0px 0px 0px;\"><i class=\"fb-icon-element-1 fb-icon-element fontawesome-icon icon-accountant-download circle-no icon-hover-animation-slide\" style=\"font-size:70px;align-self:center;\"><\/i><style>i.fb-icon-element.fontawesome-icon.fb-icon-element-1{ color: #2cbc63;}i.fb-icon-element.fontawesome-icon.fb-icon-element-1:hover { color: #15d16c;}<\/style><style type=\"text\/css\">@media only screen and (max-width:1200px) {.fusion-title.fusion-title-1{margin-top:10px!important;margin-bottom:20px!important;}}@media only screen and (max-width:640px) {.fusion-title.fusion-title-1{margin-top:10px!important;margin-bottom:20px!important;}}<\/style><div class=\"fusion-title title fusion-title-1 fusion-sep-none fusion-title-center fusion-title-text fusion-title-size-six\" style=\"margin-top:10px;margin-bottom:20px;\"><h6 class=\"title-heading-center\" style=\"margin:0;\">Download PDF<\/h6><\/div><\/div><span class=\"fusion-column-inner-bg hover-type-none\"><a href=\"https:\/\/fesete.pt\/qualidade-emprego-igualdade\/wp-content\/uploads\/2022\/06\/INFORM@-PROJECTO-AVALIACAO-DE-FUNCOES-E-REMUNERACOES.pdf\" rel=\"noopener noreferrer\" target=\"_blank\"><span class=\"fusion-column-inner-bg-image\" style=\"background-position:left top;background-repeat:no-repeat;-webkit-background-size:cover;-moz-background-size:cover;-o-background-size:cover;background-size:cover;\"><\/span><\/a><\/span><\/div><style type=\"text\/css\">.fusion-body .fusion-builder-column-1{width:33.333333333333% !important;margin-top : 20px;margin-bottom : 20px;}.fusion-builder-column-1 > .fusion-column-wrapper {padding-top : 0px !important;padding-right : 0px !important;margin-right : 5.76%;padding-bottom : 0px !important;padding-left : 0px !important;margin-left : 5.76%;}.fusion-flex-container .fusion-row .fusion-builder-column-1 > .fusion-column-inner-bg { margin-right:5.76%;margin-left:5.76%; }@media only screen and (max-width:1200px) {.fusion-body .fusion-builder-column-1{width:33.333333333333% !important;order : 0;}.fusion-builder-column-1 > .fusion-column-wrapper {margin-right : 5.76%;margin-left : 5.76%;}.fusion-flex-container .fusion-row .fusion-builder-column-1 > .fusion-column-inner-bg { margin-right:5.76%;margin-left:5.76%; }}@media only screen and (max-width:640px) {.fusion-body .fusion-builder-column-1{width:100% !important;order : 0;}.fusion-builder-column-1 > .fusion-column-wrapper {margin-right : 1.92%;margin-left : 1.92%;}.fusion-flex-container .fusion-row .fusion-builder-column-1 > .fusion-column-inner-bg { margin-right:1.92%;margin-left:1.92%; }}<\/style><\/div><style type=\"text\/css\">.fusion-body .fusion-flex-container.fusion-builder-row-1{ padding-top : 0px;margin-top : 0px;padding-right : 0px;padding-bottom : 0px;margin-bottom : 0px;padding-left : 0px;}<\/style><\/div>\n","protected":false},"excerpt":{"rendered":"","protected":false},"author":1,"featured_media":2999,"comment_status":"open","ping_status":"open","sticky":false,"template":"","format":"standard","meta":[],"categories":[40,41],"tags":[],"_links":{"self":[{"href":"https:\/\/fesete.pt\/qualidade-emprego-igualdade\/wp-json\/wp\/v2\/posts\/3109"}],"collection":[{"href":"https:\/\/fesete.pt\/qualidade-emprego-igualdade\/wp-json\/wp\/v2\/posts"}],"about":[{"href":"https:\/\/fesete.pt\/qualidade-emprego-igualdade\/wp-json\/wp\/v2\/types\/post"}],"author":[{"embeddable":true,"href":"https:\/\/fesete.pt\/qualidade-emprego-igualdade\/wp-json\/wp\/v2\/users\/1"}],"replies":[{"embeddable":true,"href":"https:\/\/fesete.pt\/qualidade-emprego-igualdade\/wp-json\/wp\/v2\/comments?post=3109"}],"version-history":[{"count":9,"href":"https:\/\/fesete.pt\/qualidade-emprego-igualdade\/wp-json\/wp\/v2\/posts\/3109\/revisions"}],"predecessor-version":[{"id":3356,"href":"https:\/\/fesete.pt\/qualidade-emprego-igualdade\/wp-json\/wp\/v2\/posts\/3109\/revisions\/3356"}],"wp:featuredmedia":[{"embeddable":true,"href":"https:\/\/fesete.pt\/qualidade-emprego-igualdade\/wp-json\/wp\/v2\/media\/2999"}],"wp:attachment":[{"href":"https:\/\/fesete.pt\/qualidade-emprego-igualdade\/wp-json\/wp\/v2\/media?parent=3109"}],"wp:term":[{"taxonomy":"category","embeddable":true,"href":"https:\/\/fesete.pt\/qualidade-emprego-igualdade\/wp-json\/wp\/v2\/categories?post=3109"},{"taxonomy":"post_tag","embeddable":true,"href":"https:\/\/fesete.pt\/qualidade-emprego-igualdade\/wp-json\/wp\/v2\/tags?post=3109"}],"curies":[{"name":"wp","href":"https:\/\/api.w.org\/{rel}","templated":true}]}}