{"id":3397,"date":"2022-07-04T10:48:15","date_gmt":"2022-07-04T10:48:15","guid":{"rendered":"https:\/\/fesete.pt\/qualidade-emprego-igualdade\/?p=3397"},"modified":"2023-03-20T17:55:49","modified_gmt":"2023-03-20T17:55:49","slug":"desenvolvimento-do-projecto","status":"publish","type":"post","link":"https:\/\/fesete.pt\/qualidade-emprego-igualdade\/desenvolvimento-do-projecto\/","title":{"rendered":"Desenvolvimento do Projecto"},"content":{"rendered":"<div class=\"fusion-fullwidth fullwidth-box fusion-builder-row-1 fusion-flex-container nonhundred-percent-fullwidth non-hundred-percent-height-scrolling\" style=\"background-color: rgba(255,255,255,0);background-position: center center;background-repeat: no-repeat;border-width: 0px 0px 0px 0px;border-color:#e8ebef;border-style:solid;\" ><div class=\"fusion-builder-row fusion-row fusion-flex-align-items-flex-start\" style=\"max-width:1331.2px;margin-left: calc(-4% \/ 2 );margin-right: calc(-4% \/ 2 );\"><div class=\"fusion-layout-column fusion_builder_column fusion-builder-column-0 fusion_builder_column_1_1 1_1 fusion-flex-column\"><div class=\"fusion-column-wrapper fusion-flex-justify-content-flex-start fusion-content-layout-column\" style=\"background-position:left top;background-repeat:no-repeat;-webkit-background-size:cover;-moz-background-size:cover;-o-background-size:cover;background-size:cover;padding: 0px 0px 0px 0px;\"><div class=\"fusion-text fusion-text-1\" style=\"transform:translate3d(0,0,0);\"><h1 class=\"title-heading-left\"><strong><span class=\"goog-text-highlight\">Desenvolvimento do Projecto<\/span><\/strong><\/h1>\n<\/div><div class=\"fusion-text fusion-text-2\" style=\"transform:translate3d(0,0,0);\"><p>Junho \/ Agosto\/ Setembro\/ 2022\/Janeiro\/2023<\/p>\n<p>O projecto encontra-se neste momento na etapa de aplica\u00e7\u00e3o dos inqu\u00e9ritos que foram preparados e ajustados \u00e0s caracter\u00edsticas especificas do sector do Vestu\u00e1rio e dos Curtumes. O processo de selec\u00e7\u00e3o dos\/as trabalhadores\/as, para aplica\u00e7\u00e3o dos inqu\u00e9ritos, assentou numa articula\u00e7\u00e3o dos seguintes crit\u00e9rios: abarcar uma diversidade de realidades empresariais em termos de modelos organizacionais, estrat\u00e9gias empresariais e tecnologias utilizadas; e tinham de estar abrangidos\/as pelo CCT em estudo.<\/p>\n<p>No total prevemos aplicar no sector do vestu\u00e1rio 122 inqu\u00e9ritos, abrangendo empresas que se enquadram na CAE 14110 &#8211; confec\u00e7\u00e3o de vestu\u00e1rio em couro, 14120 &#8211; confec\u00e7\u00e3o de vestu\u00e1rio de trabalho, 14131 &#8211; confec\u00e7\u00e3o de outro vestu\u00e1rio exterior em s\u00e9rie, 14132 &#8211; confec\u00e7\u00e3o de outro vestu\u00e1rio exterior por medida, 14133 &#8211; actividades de acabamento de artigos de vestu\u00e1rio, 14140 &#8211; confec\u00e7\u00e3o de vestu\u00e1rio interior, 14190 &#8211; confec\u00e7\u00e3o de outros artigos e acess\u00f3rios de vestu\u00e1rio, 14200 &#8211; fabrica\u00e7\u00e3o de artigos de peles com p\u00ealo, 14310 &#8211; fabrica\u00e7\u00e3o de meias e similares de malha, 14390 &#8211; fabrica\u00e7\u00e3o de outro vestu\u00e1rio de malha, que aplicam o CCT FESETE\u2013ANIVEC-APIV e pertencentes aos distritos de Braga, Porto e Aveiro.<\/p>\n<p>Para o sector dos Curtumes prevemos aplicar 112 inqu\u00e9ritos, abrangendo empresas que se enquadram na CAE 15111 &#8211; curtimenta e acabamento de peles sem p\u00ealo e 15113 &#8211; curtimenta e acabamento de peles com p\u00ealo e que aplicam o CCT FESETE\u2013APIC. No que respeita \u00e0 aplica\u00e7\u00e3o do inqu\u00e9rito no espa\u00e7o territorial, uma vez que, o distrito de Santar\u00e9m concentrava, em 2018, 90,2% dos\/as trabalhadores\/as desta ind\u00fastria. Desta forma a parceria decidiu direccionar o foco de aplica\u00e7\u00e3o do inqu\u00e9rito apenas neste distrito.<\/p>\n<\/div><\/div><\/div><style type=\"text\/css\">.fusion-body .fusion-builder-column-0{width:100% !important;margin-top : 20px;margin-bottom : 20px;}.fusion-builder-column-0 > .fusion-column-wrapper {padding-top : 0px !important;padding-right : 0px !important;margin-right : 1.92%;padding-bottom : 0px !important;padding-left : 0px !important;margin-left : 1.92%;}@media only screen and (max-width:1200px) {.fusion-body .fusion-builder-column-0{width:100% !important;order : 0;}.fusion-builder-column-0 > .fusion-column-wrapper {margin-right : 1.92%;margin-left : 1.92%;}}@media only screen and (max-width:640px) {.fusion-body .fusion-builder-column-0{width:100% !important;order : 0;}.fusion-builder-column-0 > .fusion-column-wrapper {margin-right : 1.92%;margin-left : 1.92%;}}<\/style><div class=\"fusion-layout-column fusion_builder_column fusion-builder-column-1 fusion_builder_column_1_1 1_1 fusion-flex-column\"><div class=\"fusion-column-wrapper fusion-flex-justify-content-flex-start fusion-content-layout-column\" style=\"background-position:left top;background-repeat:no-repeat;-webkit-background-size:cover;-moz-background-size:cover;-o-background-size:cover;background-size:cover;padding: 0px 0px 0px 0px;\"><div class=\"fusion-text fusion-text-3\" style=\"transform:translate3d(0,0,0);\"><h1 class=\"title-heading-left\"><strong><span class=\"goog-text-highlight\">Reuni\u00e3o Transnacional\u00a0<\/span><\/strong><\/h1>\n<\/div><div class=\"fusion-text fusion-text-4\" style=\"transform:translate3d(0,0,0);\"><p>Realizou-se a 30 de Junho de 2022 a reuni\u00e3o transnacional do nosso projecto. A reuni\u00e3o contou com a participa\u00e7\u00e3o da parceria FESETE, ANIVEC-APIV, APIC, FELLESFORBUNDET (Federa\u00e7\u00e3o Sindical Norueguesa da Ind\u00fastria) e INDUSTRIALL (Federa\u00e7\u00e3o Sindical Europeia da Ind\u00fastria).<\/p>\n<p>A reuni\u00e3o teve a seguinte ordem de trabalhos:<\/p>\n<p><strong>Agenda Transnational :<\/strong><\/p>\n<ul>\n<li>Apresenta\u00e7\u00e3o do Projecto \u201cConstru\u00e7\u00e3o de um Sistema de Avalia\u00e7\u00e3o de Fun\u00e7\u00f5es e Remunera\u00e7\u00f5es nos CCT das Ind\u00fastrias do Vestu\u00e1rio e Curtumes\u201d (FESETE):<\/li>\n<\/ul>\n<p>o An\u00e1lise estat\u00edstica dos sectores do Vestu\u00e1rio e dos Curtumes;<\/p>\n<p>o Constru\u00e7\u00e3o do modelo de an\u00e1lise;<\/p>\n<p>o Defini\u00e7\u00e3o do campo de an\u00e1lise;<\/p>\n<ul>\n<li>A import\u00e2ncia dos resultados para a negocia\u00e7\u00e3o colectiva sectorial (ANIVEC\/APIV e APIC);<\/li>\n<li>Contributos do Di\u00e1logo Social Europeu para a elimina\u00e7\u00e3o da Desigualdade de Salarial (IndustriAll);<\/li>\n<li>A experi\u00eancia sindical Norueguesa contra a Desigualdade Salarial (Fellesforbundet);<\/li>\n<li>Quest\u00f5es;<\/li>\n<li>Avalia\u00e7\u00e3o da Reuni\u00e3o.<\/li>\n<\/ul>\n<p>A reuni\u00e3o permitiu \u00e0 parceria uma troca de experi\u00eancias entre sectores (vestu\u00e1rio e curtumes) e ao mesmo tempo a experi\u00eancia e import\u00e2ncia do di\u00e1logo social europeu (pela IndustriAll) e a experi\u00eancia negocial norueguesa diferente da portuguesa.<\/p>\n<\/div><div class=\"fusion-text fusion-text-5\" style=\"transform:translate3d(0,0,0);\"><h2><strong>REALIZA\u00c7\u00c3O DE SEMIN\u00c1RIOS<\/strong><\/h2>\n<\/div><div class=\"fusion-text fusion-text-6\" style=\"transform:translate3d(0,0,0);\"><p><b>Apresenta\u00e7\u00e3o dos Estudos \u201cConstru\u00e7\u00e3o de um Sistema de Avalia\u00e7\u00e3o de Fun\u00e7\u00f5es e Remunera\u00e7\u00f5es para a Ind\u00fastria do Vestu\u00e1rio e para a Ind\u00fastria de Curtumes\u201d<\/b><\/p>\n<p>A FESETE promotora do Projeto &#8220;Avaliar Fun\u00e7\u00f5es e Remunera\u00e7\u00f5es &#8211; Promover a Igualdade no Vestu\u00e1rio e Curtumes&#8221;, financiado pelo Programa Concilia\u00e7\u00e3o e Igualdade de G\u00e9nero EEA Grants, gerido pela Comiss\u00e3o para a Cidadania e Igualdade de G\u00e9nero, em parceria com as associa\u00e7\u00f5es patronais, ANIVEC\/APIV e APIC, realizou dois Semin\u00e1rios para Apresenta\u00e7\u00e3o de dois Estudos \u201cConstru\u00e7\u00e3o de um Sistema de Avalia\u00e7\u00e3o de Fun\u00e7\u00f5es e Remunera\u00e7\u00f5es para a Ind\u00fastria do Vestu\u00e1rio e para a Ind\u00fastria de Curtumes\u201d, nos dias 12 de janeiro, em Guimar\u00e3es (Hotel de Guimar\u00e3es), e no dia 20 de janeiro em Alcanena (Museu dos Curtumes), respetivamente.<\/p>\n<p>Estes Semin\u00e1rios contaram com a participa\u00e7\u00e3o e interven\u00e7\u00e3o da parceria do projeto, de entidades governamentais e institucionais, organiza\u00e7\u00f5es sindicais, trabalhadores e empresas da ind\u00fastria do vestu\u00e1rio e curtumes.<\/p>\n<p>Estas iniciativas decorreram presencialmente e em formato online, atrav\u00e9s da plataforma Zoom.<\/p>\n<\/div><\/div><\/div><style type=\"text\/css\">.fusion-body .fusion-builder-column-1{width:100% !important;margin-top : 20px;margin-bottom : 20px;}.fusion-builder-column-1 > .fusion-column-wrapper {padding-top : 0px !important;padding-right : 0px !important;margin-right : 1.92%;padding-bottom : 0px !important;padding-left : 0px !important;margin-left : 1.92%;}@media only screen and (max-width:1200px) {.fusion-body .fusion-builder-column-1{width:100% !important;order : 0;}.fusion-builder-column-1 > .fusion-column-wrapper {margin-right : 1.92%;margin-left : 1.92%;}}@media only screen and (max-width:640px) {.fusion-body .fusion-builder-column-1{width:100% !important;order : 0;}.fusion-builder-column-1 > .fusion-column-wrapper {margin-right : 1.92%;margin-left : 1.92%;}}<\/style><div class=\"fusion-layout-column fusion_builder_column fusion-builder-column-2 fusion_builder_column_1_5 1_5 fusion-flex-column\"><div class=\"fusion-column-wrapper fusion-flex-justify-content-flex-start fusion-content-layout-column\" style=\"background-position:left top;background-repeat:no-repeat;-webkit-background-size:cover;-moz-background-size:cover;-o-background-size:cover;background-size:cover;padding: 0px 0px 0px 0px;\"><div class=\"fusion-text fusion-text-7\" style=\"transform:translate3d(0,0,0);\"><p><a href=\"https:\/\/fesete.pt\/qualidade-emprego-igualdade\/wp-content\/uploads\/2023\/03\/INFOESTUDOS@.pdf\">INFO@ESTUDOS &#8211; PT<\/a><\/p>\n<\/div><\/div><\/div><style type=\"text\/css\">.fusion-body .fusion-builder-column-2{width:20% !important;margin-top : 20px;margin-bottom : 20px;}.fusion-builder-column-2 > .fusion-column-wrapper {padding-top : 0px !important;padding-right : 0px !important;margin-right : 9.6%;padding-bottom : 0px !important;padding-left : 0px !important;margin-left : 9.6%;}@media only screen and (max-width:1200px) {.fusion-body .fusion-builder-column-2{width:20% !important;order : 0;}.fusion-builder-column-2 > .fusion-column-wrapper {margin-right : 9.6%;margin-left : 9.6%;}}@media only screen and (max-width:640px) {.fusion-body .fusion-builder-column-2{width:100% !important;order : 0;}.fusion-builder-column-2 > .fusion-column-wrapper {margin-right : 1.92%;margin-left : 1.92%;}}<\/style><div class=\"fusion-layout-column fusion_builder_column fusion-builder-column-3 fusion_builder_column_1_5 1_5 fusion-flex-column\"><div class=\"fusion-column-wrapper fusion-flex-justify-content-flex-start fusion-content-layout-column\" style=\"background-position:left top;background-repeat:no-repeat;-webkit-background-size:cover;-moz-background-size:cover;-o-background-size:cover;background-size:cover;padding: 0px 0px 0px 0px;\"><div class=\"fusion-text fusion-text-8\" style=\"transform:translate3d(0,0,0);\"><p><a href=\"https:\/\/fesete.pt\/qualidade-emprego-igualdade\/wp-content\/uploads\/2023\/03\/INFOSTUDYS@-EN.pdf\">INFO@STUDIES &#8211; EN<\/a><\/p>\n<\/div><\/div><\/div><style type=\"text\/css\">.fusion-body .fusion-builder-column-3{width:20% !important;margin-top : 20px;margin-bottom : 20px;}.fusion-builder-column-3 > .fusion-column-wrapper {padding-top : 0px !important;padding-right : 0px !important;margin-right : 9.6%;padding-bottom : 0px !important;padding-left : 0px !important;margin-left : 9.6%;}@media only screen and (max-width:1200px) {.fusion-body .fusion-builder-column-3{width:20% !important;order : 0;}.fusion-builder-column-3 > .fusion-column-wrapper {margin-right : 9.6%;margin-left : 9.6%;}}@media only screen and (max-width:640px) {.fusion-body .fusion-builder-column-3{width:100% !important;order : 0;}.fusion-builder-column-3 > .fusion-column-wrapper {margin-right : 1.92%;margin-left : 1.92%;}}<\/style><\/div><style type=\"text\/css\">.fusion-body .fusion-flex-container.fusion-builder-row-1{ padding-top : 0px;margin-top : 0px;padding-right : 0px;padding-bottom : 0px;margin-bottom : 0px;padding-left : 0px;}<\/style><\/div>\n","protected":false},"excerpt":{"rendered":"","protected":false},"author":1,"featured_media":3398,"comment_status":"open","ping_status":"open","sticky":false,"template":"","format":"standard","meta":[],"categories":[40,41,39],"tags":[],"_links":{"self":[{"href":"https:\/\/fesete.pt\/qualidade-emprego-igualdade\/wp-json\/wp\/v2\/posts\/3397"}],"collection":[{"href":"https:\/\/fesete.pt\/qualidade-emprego-igualdade\/wp-json\/wp\/v2\/posts"}],"about":[{"href":"https:\/\/fesete.pt\/qualidade-emprego-igualdade\/wp-json\/wp\/v2\/types\/post"}],"author":[{"embeddable":true,"href":"https:\/\/fesete.pt\/qualidade-emprego-igualdade\/wp-json\/wp\/v2\/users\/1"}],"replies":[{"embeddable":true,"href":"https:\/\/fesete.pt\/qualidade-emprego-igualdade\/wp-json\/wp\/v2\/comments?post=3397"}],"version-history":[{"count":25,"href":"https:\/\/fesete.pt\/qualidade-emprego-igualdade\/wp-json\/wp\/v2\/posts\/3397\/revisions"}],"predecessor-version":[{"id":4024,"href":"https:\/\/fesete.pt\/qualidade-emprego-igualdade\/wp-json\/wp\/v2\/posts\/3397\/revisions\/4024"}],"wp:featuredmedia":[{"embeddable":true,"href":"https:\/\/fesete.pt\/qualidade-emprego-igualdade\/wp-json\/wp\/v2\/media\/3398"}],"wp:attachment":[{"href":"https:\/\/fesete.pt\/qualidade-emprego-igualdade\/wp-json\/wp\/v2\/media?parent=3397"}],"wp:term":[{"taxonomy":"category","embeddable":true,"href":"https:\/\/fesete.pt\/qualidade-emprego-igualdade\/wp-json\/wp\/v2\/categories?post=3397"},{"taxonomy":"post_tag","embeddable":true,"href":"https:\/\/fesete.pt\/qualidade-emprego-igualdade\/wp-json\/wp\/v2\/tags?post=3397"}],"curies":[{"name":"wp","href":"https:\/\/api.w.org\/{rel}","templated":true}]}}